{"id":478,"date":"2015-04-17T10:07:19","date_gmt":"2015-04-17T10:07:19","guid":{"rendered":"http:\/\/www.mallorcaferienfinca.de\/blog\/?p=478"},"modified":"2015-04-17T10:07:19","modified_gmt":"2015-04-17T10:07:19","slug":"weinmesse-pollensa-18-04-19-04-2015","status":"publish","type":"post","link":"https:\/\/www.mallorcaferienfinca.com\/blog\/weinmesse-pollensa-18-04-19-04-2015\/","title":{"rendered":"Weinmesse &#8211; Pollensa &#8211; 18.04 &#8211; 19.04.2015"},"content":{"rendered":"<p style=\"text-align: justify;\" align=\"center\">Am Wochenende findet im Kloster Santo Domingo in Pollensa eine Weinmesse wie jedes Jahr statt. Dieses Jahr sind insgesamt 36 Bodegas vor Ort und presentieren ca.300 Weinsorten.<\/p>\n<ul>\n<li>Vins Nadal<\/li>\n<li>Sebasti\u00e0 pastor<a href=\"https:\/\/www.mallorcaferienfinca.com\/blog\/wp-content\/uploads\/popup_0.png\"><img decoding=\"async\" loading=\"lazy\" class=\"size-full wp-image-479 alignright\" alt=\"popup_0\" src=\"https:\/\/www.mallorcaferienfinca.com\/blog\/wp-content\/uploads\/popup_0.png\" width=\"210\" height=\"600\" srcset=\"https:\/\/www.mallorcaferienfinca.com\/blog\/wp-content\/uploads\/popup_0.png 210w, https:\/\/www.mallorcaferienfinca.com\/blog\/wp-content\/uploads\/popup_0-105x300.png 105w\" sizes=\"(max-width: 210px) 100vw, 210px\" \/><\/a><\/li>\n<li>SON SUREDA RIC<\/li>\n<li>CASTELL MIQUEL<\/li>\n<li>Jos\u00e9 L. Ferrer<\/li>\n<li>CANYELLES I BATLE<\/li>\n<li>Jaume de Puntir\u00f3<\/li>\n<li>Son Ramon<\/li>\n<li>Ca\u2019n Pic\u00f3<\/li>\n<li>Bodegas Bordoy<\/li>\n<li>Ca\u2019n Vidalet<\/li>\n<li>CA\u2019N VERDURA<\/li>\n<li>Mesquida Mora<\/li>\n<li>CONDE DE SUYROT<\/li>\n<li>Galm\u00e9s i Ferrer<\/li>\n<li>Ca Sa Padrina<\/li>\n<li>Vid\u2019Auba<\/li>\n<li>Miquel Oliver<\/li>\n<li>Vinya Taujana<\/li>\n<li>SON Prim<\/li>\n<li>CAN RAMIS<\/li>\n<li>CAN MAJORAL<\/li>\n<li>Miquel Gelabert<\/li>\n<li>Pere Seda<\/li>\n<li>Celler Son Vives<\/li>\n<li>Mortitx<\/li>\n<li>Butxet<\/li>\n<li>Binigrau<\/li>\n<li>Son Bordils<\/li>\n<li>Antonio Nadal<\/li>\n<li>Can Coleto<\/li>\n<li>Can Feliu<\/li>\n<li>SON CAMPANER<\/li>\n<li>ANA VINS<\/li>\n<li>Bodegas Angel<\/li>\n<\/ul>\n<div style=\"text-align: center;\" align=\"center\"><\/div>\n<p style=\"text-align: left;\" align=\"center\">Vermissen Sie die M\u00f6glichkeit nicht die exklusive mallorquinische Wein zu testen.<\/p>\n<p style=\"text-align: left;\" align=\"center\">\u00d6ffnungszeiten:<\/p>\n<p style=\"text-align: left;\" align=\"center\">Samstag: vom 10:00 bis 20:30 Uhr<\/p>\n<p style=\"text-align: left;\" align=\"center\">Sonntag: vom 10:00 bis 14:00 Uhr<\/p>\n<!-- AddThis Advanced Settings generic via filter on the_content --><!-- AddThis Share Buttons generic via filter on the_content -->","protected":false},"excerpt":{"rendered":"<p>Am Wochenende findet im Kloster Santo Domingo in Pollensa eine Weinmesse wie jedes Jahr statt. Dieses Jahr sind insgesamt 36 Bodegas vor Ort und presentieren ca.300 Weinsorten. Vins Nadal Sebasti\u00e0 pastor SON SUREDA RIC CASTELL MIQUEL Jos\u00e9 L. Ferrer CANYELLES I BATLE Jaume de Puntir\u00f3 Son Ramon Ca\u2019n Pic\u00f3 Bodegas Bordoy Ca\u2019n Vidalet CA\u2019N VERDURA [&hellip;]<!-- AddThis Advanced Settings generic via filter on get_the_excerpt --><!-- AddThis Share Buttons generic via filter on get_the_excerpt --><\/p>\n","protected":false},"author":4,"featured_media":480,"comment_status":"open","ping_status":"closed","sticky":false,"template":"","format":"standard","meta":[],"categories":[14],"tags":[],"yoast_head":"<!-- This site is optimized with the Yoast SEO plugin v20.13 - https:\/\/yoast.com\/wordpress\/plugins\/seo\/ -->\n<title>Weinmesse - Pollensa - 18.04 - 19.04.2015  - Mallorca Ferien Fincas Blog - mallorcaferienfinca.com<\/title>\n<meta name=\"description\" content=\"Mallorca Ferien Fincas Blog - mallorcaferienfinca.com Weinmesse - Pollensa - 18.04 - 19.04.2015  - MFF\" \/>\n<meta name=\"robots\" content=\"index, follow, max-snippet:-1, max-image-preview:large, max-video-preview:-1\" \/>\n<link rel=\"canonical\" href=\"https:\/\/www.mallorcaferienfinca.com\/blog\/weinmesse-pollensa-18-04-19-04-2015\/\" \/>\n<meta property=\"og:locale\" content=\"de_DE\" \/>\n<meta property=\"og:type\" content=\"article\" \/>\n<meta property=\"og:title\" content=\"Weinmesse - Pollensa - 18.04 - 19.04.2015  - Mallorca Ferien Fincas Blog - mallorcaferienfinca.com\" \/>\n<meta property=\"og:description\" content=\"Mallorca Ferien Fincas Blog - mallorcaferienfinca.com Weinmesse - Pollensa - 18.04 - 19.04.2015  - MFF\" \/>\n<meta property=\"og:url\" content=\"https:\/\/www.mallorcaferienfinca.com\/blog\/weinmesse-pollensa-18-04-19-04-2015\/\" \/>\n<meta property=\"og:site_name\" content=\"Mallorca Ferien Fincas Blog - mallorcaferienfinca.com\" \/>\n<meta property=\"article:published_time\" content=\"2015-04-17T10:07:19+00:00\" \/>\n<meta property=\"og:image\" content=\"https:\/\/www.mallorcaferienfinca.com\/blog\/wp-content\/uploads\/firadelvi_1.jpg\" \/>\n\t<meta property=\"og:image:width\" content=\"210\" \/>\n\t<meta property=\"og:image:height\" content=\"234\" \/>\n\t<meta property=\"og:image:type\" content=\"image\/jpeg\" \/>\n<meta name=\"author\" content=\"admin\" \/>\n<meta name=\"twitter:card\" content=\"summary_large_image\" \/>\n<meta name=\"twitter:label1\" content=\"Verfasst von\" \/>\n\t<meta name=\"twitter:data1\" content=\"admin\" \/>\n\t<meta name=\"twitter:label2\" content=\"Gesch\u00e4tzte Lesezeit\" \/>\n\t<meta name=\"twitter:data2\" content=\"1\u00a0Minute\" \/>\n<script type=\"application\/ld+json\" class=\"yoast-schema-graph\">{\"@context\":\"https:\/\/schema.org\",\"@graph\":[{\"@type\":\"WebPage\",\"@id\":\"https:\/\/www.mallorcaferienfinca.com\/blog\/weinmesse-pollensa-18-04-19-04-2015\/\",\"url\":\"https:\/\/www.mallorcaferienfinca.com\/blog\/weinmesse-pollensa-18-04-19-04-2015\/\",\"name\":\"Weinmesse - Pollensa - 18.04 - 19.04.2015 - Mallorca Ferien Fincas Blog - mallorcaferienfinca.com\",\"isPartOf\":{\"@id\":\"https:\/\/www.mallorcaferienfinca.com\/blog\/#website\"},\"datePublished\":\"2015-04-17T10:07:19+00:00\",\"dateModified\":\"2015-04-17T10:07:19+00:00\",\"author\":{\"@id\":\"https:\/\/www.mallorcaferienfinca.com\/blog\/#\/schema\/person\/f65f9c30c1975757a203d00463c38bf6\"},\"description\":\"Mallorca Ferien Fincas Blog - mallorcaferienfinca.com Weinmesse - Pollensa - 18.04 - 19.04.2015 - MFF\",\"breadcrumb\":{\"@id\":\"https:\/\/www.mallorcaferienfinca.com\/blog\/weinmesse-pollensa-18-04-19-04-2015\/#breadcrumb\"},\"inLanguage\":\"de\",\"potentialAction\":[{\"@type\":\"ReadAction\",\"target\":[\"https:\/\/www.mallorcaferienfinca.com\/blog\/weinmesse-pollensa-18-04-19-04-2015\/\"]}]},{\"@type\":\"BreadcrumbList\",\"@id\":\"https:\/\/www.mallorcaferienfinca.com\/blog\/weinmesse-pollensa-18-04-19-04-2015\/#breadcrumb\",\"itemListElement\":[{\"@type\":\"ListItem\",\"position\":1,\"name\":\"Portada\",\"item\":\"https:\/\/www.mallorcaferienfinca.com\/blog\/\"},{\"@type\":\"ListItem\",\"position\":2,\"name\":\"Weinmesse &#8211; Pollensa &#8211; 18.04 &#8211; 19.04.2015\"}]},{\"@type\":\"WebSite\",\"@id\":\"https:\/\/www.mallorcaferienfinca.com\/blog\/#website\",\"url\":\"https:\/\/www.mallorcaferienfinca.com\/blog\/\",\"name\":\"Mallorca Ferien Fincas Blog - mallorcaferienfinca.com\",\"description\":\"Fincas auf Mallorca und mehr.\",\"potentialAction\":[{\"@type\":\"SearchAction\",\"target\":{\"@type\":\"EntryPoint\",\"urlTemplate\":\"https:\/\/www.mallorcaferienfinca.com\/blog\/?s={search_term_string}\"},\"query-input\":\"required name=search_term_string\"}],\"inLanguage\":\"de\"},{\"@type\":\"Person\",\"@id\":\"https:\/\/www.mallorcaferienfinca.com\/blog\/#\/schema\/person\/f65f9c30c1975757a203d00463c38bf6\",\"name\":\"admin\",\"image\":{\"@type\":\"ImageObject\",\"inLanguage\":\"de\",\"@id\":\"https:\/\/www.mallorcaferienfinca.com\/blog\/#\/schema\/person\/image\/\",\"url\":\"https:\/\/secure.gravatar.com\/avatar\/f75a3dbe26373b65ad24b16cb7a7ac7b?s=96&d=mm&r=g\",\"contentUrl\":\"https:\/\/secure.gravatar.com\/avatar\/f75a3dbe26373b65ad24b16cb7a7ac7b?s=96&d=mm&r=g\",\"caption\":\"admin\"},\"url\":\"https:\/\/www.mallorcaferienfinca.com\/blog\/author\/admin\/\"}]}<\/script>\n<!-- \/ Yoast SEO plugin. -->","yoast_head_json":{"title":"Weinmesse - Pollensa - 18.04 - 19.04.2015  - Mallorca Ferien Fincas Blog - mallorcaferienfinca.com","description":"Mallorca Ferien Fincas Blog - mallorcaferienfinca.com Weinmesse - Pollensa - 18.04 - 19.04.2015  - MFF","robots":{"index":"index","follow":"follow","max-snippet":"max-snippet:-1","max-image-preview":"max-image-preview:large","max-video-preview":"max-video-preview:-1"},"canonical":"https:\/\/www.mallorcaferienfinca.com\/blog\/weinmesse-pollensa-18-04-19-04-2015\/","og_locale":"de_DE","og_type":"article","og_title":"Weinmesse - Pollensa - 18.04 - 19.04.2015  - Mallorca Ferien Fincas Blog - mallorcaferienfinca.com","og_description":"Mallorca Ferien Fincas Blog - mallorcaferienfinca.com Weinmesse - Pollensa - 18.04 - 19.04.2015  - MFF","og_url":"https:\/\/www.mallorcaferienfinca.com\/blog\/weinmesse-pollensa-18-04-19-04-2015\/","og_site_name":"Mallorca Ferien Fincas Blog - mallorcaferienfinca.com","article_published_time":"2015-04-17T10:07:19+00:00","og_image":[{"width":210,"height":234,"url":"https:\/\/www.mallorcaferienfinca.com\/blog\/wp-content\/uploads\/firadelvi_1.jpg","type":"image\/jpeg"}],"author":"admin","twitter_card":"summary_large_image","twitter_misc":{"Verfasst von":"admin","Gesch\u00e4tzte Lesezeit":"1\u00a0Minute"},"schema":{"@context":"https:\/\/schema.org","@graph":[{"@type":"WebPage","@id":"https:\/\/www.mallorcaferienfinca.com\/blog\/weinmesse-pollensa-18-04-19-04-2015\/","url":"https:\/\/www.mallorcaferienfinca.com\/blog\/weinmesse-pollensa-18-04-19-04-2015\/","name":"Weinmesse - Pollensa - 18.04 - 19.04.2015 - Mallorca Ferien Fincas Blog - mallorcaferienfinca.com","isPartOf":{"@id":"https:\/\/www.mallorcaferienfinca.com\/blog\/#website"},"datePublished":"2015-04-17T10:07:19+00:00","dateModified":"2015-04-17T10:07:19+00:00","author":{"@id":"https:\/\/www.mallorcaferienfinca.com\/blog\/#\/schema\/person\/f65f9c30c1975757a203d00463c38bf6"},"description":"Mallorca Ferien Fincas Blog - mallorcaferienfinca.com Weinmesse - Pollensa - 18.04 - 19.04.2015 - MFF","breadcrumb":{"@id":"https:\/\/www.mallorcaferienfinca.com\/blog\/weinmesse-pollensa-18-04-19-04-2015\/#breadcrumb"},"inLanguage":"de","potentialAction":[{"@type":"ReadAction","target":["https:\/\/www.mallorcaferienfinca.com\/blog\/weinmesse-pollensa-18-04-19-04-2015\/"]}]},{"@type":"BreadcrumbList","@id":"https:\/\/www.mallorcaferienfinca.com\/blog\/weinmesse-pollensa-18-04-19-04-2015\/#breadcrumb","itemListElement":[{"@type":"ListItem","position":1,"name":"Portada","item":"https:\/\/www.mallorcaferienfinca.com\/blog\/"},{"@type":"ListItem","position":2,"name":"Weinmesse &#8211; Pollensa &#8211; 18.04 &#8211; 19.04.2015"}]},{"@type":"WebSite","@id":"https:\/\/www.mallorcaferienfinca.com\/blog\/#website","url":"https:\/\/www.mallorcaferienfinca.com\/blog\/","name":"Mallorca Ferien Fincas Blog - mallorcaferienfinca.com","description":"Fincas auf Mallorca und mehr.","potentialAction":[{"@type":"SearchAction","target":{"@type":"EntryPoint","urlTemplate":"https:\/\/www.mallorcaferienfinca.com\/blog\/?s={search_term_string}"},"query-input":"required name=search_term_string"}],"inLanguage":"de"},{"@type":"Person","@id":"https:\/\/www.mallorcaferienfinca.com\/blog\/#\/schema\/person\/f65f9c30c1975757a203d00463c38bf6","name":"admin","image":{"@type":"ImageObject","inLanguage":"de","@id":"https:\/\/www.mallorcaferienfinca.com\/blog\/#\/schema\/person\/image\/","url":"https:\/\/secure.gravatar.com\/avatar\/f75a3dbe26373b65ad24b16cb7a7ac7b?s=96&d=mm&r=g","contentUrl":"https:\/\/secure.gravatar.com\/avatar\/f75a3dbe26373b65ad24b16cb7a7ac7b?s=96&d=mm&r=g","caption":"admin"},"url":"https:\/\/www.mallorcaferienfinca.com\/blog\/author\/admin\/"}]}},"_links":{"self":[{"href":"https:\/\/www.mallorcaferienfinca.com\/blog\/wp-json\/wp\/v2\/posts\/478"}],"collection":[{"href":"https:\/\/www.mallorcaferienfinca.com\/blog\/wp-json\/wp\/v2\/posts"}],"about":[{"href":"https:\/\/www.mallorcaferienfinca.com\/blog\/wp-json\/wp\/v2\/types\/post"}],"author":[{"embeddable":true,"href":"https:\/\/www.mallorcaferienfinca.com\/blog\/wp-json\/wp\/v2\/users\/4"}],"replies":[{"embeddable":true,"href":"https:\/\/www.mallorcaferienfinca.com\/blog\/wp-json\/wp\/v2\/comments?post=478"}],"version-history":[{"count":1,"href":"https:\/\/www.mallorcaferienfinca.com\/blog\/wp-json\/wp\/v2\/posts\/478\/revisions"}],"predecessor-version":[{"id":481,"href":"https:\/\/www.mallorcaferienfinca.com\/blog\/wp-json\/wp\/v2\/posts\/478\/revisions\/481"}],"wp:featuredmedia":[{"embeddable":true,"href":"https:\/\/www.mallorcaferienfinca.com\/blog\/wp-json\/wp\/v2\/media\/480"}],"wp:attachment":[{"href":"https:\/\/www.mallorcaferienfinca.com\/blog\/wp-json\/wp\/v2\/media?parent=478"}],"wp:term":[{"taxonomy":"category","embeddable":true,"href":"https:\/\/www.mallorcaferienfinca.com\/blog\/wp-json\/wp\/v2\/categories?post=478"},{"taxonomy":"post_tag","embeddable":true,"href":"https:\/\/www.mallorcaferienfinca.com\/blog\/wp-json\/wp\/v2\/tags?post=478"}],"curies":[{"name":"wp","href":"https:\/\/api.w.org\/{rel}","templated":true}]}}