{"id":462,"date":"2015-01-29T15:28:02","date_gmt":"2015-01-29T15:28:02","guid":{"rendered":"http:\/\/www.mallorcaferienfinca.de\/blog\/?p=462"},"modified":"2015-01-29T15:28:02","modified_gmt":"2015-01-29T15:28:02","slug":"gewinner-des-wettbewerbs","status":"publish","type":"post","link":"https:\/\/www.mallorcaferienfinca.com\/blog\/gewinner-des-wettbewerbs\/","title":{"rendered":"Gewinner des Wettbewerbs"},"content":{"rendered":"<p style=\"text-align: justify;\">Letztes Jahr Mallorcaferienfinca hat ihren 10-ten Jahrestag gefeiert.<br \/>\nWir wollten unsere Freude verteilen zwischen allen und zu jemanden einen Aufenhalt in einer unserer wundersch\u00f6nen Villas in 2015 schenken.<\/p>\n<p style=\"text-align: justify;\">Wir freuen uns Ihnen mitteilen zu k\u00f6nnen dass wir haben jetzt unseren Gewinner.<br \/>\nDer gl\u00fcckliche Kunde, der eine Reservierung in 2014 gemacht hat und jetzt wird er einen wochentlichen kostenlosen Aufenhalt in einer unserer Villas geniessen k\u00f6nnen ist:<\/p>\n<p style=\"text-align: justify;\"><span style=\"color: #000000;\"> Joachim Dombrock<\/span><\/p>\n<p style=\"text-align: justify;\"><img decoding=\"async\" alt=\"images\" src=\"https:\/\/www.thebestvillaspollensa.com\/blog\/wp-content\/uploads\/images3-300x150.jpg\" \/><\/p>\n<p>Herzlichen Gl\u00fcckwunsch!<\/p>\n<!-- AddThis Advanced Settings generic via filter on the_content --><!-- AddThis Share Buttons generic via filter on the_content -->","protected":false},"excerpt":{"rendered":"<p>Letztes Jahr Mallorcaferienfinca hat ihren 10-ten Jahrestag gefeiert. Wir wollten unsere Freude verteilen zwischen allen und zu jemanden einen Aufenhalt in einer unserer wundersch\u00f6nen Villas in 2015 schenken. Wir freuen uns Ihnen mitteilen zu k\u00f6nnen dass wir haben jetzt unseren Gewinner. Der gl\u00fcckliche Kunde, der eine Reservierung in 2014 gemacht hat und jetzt wird er [&hellip;]<!-- AddThis Advanced Settings generic via filter on get_the_excerpt --><!-- AddThis Share Buttons generic via filter on get_the_excerpt --><\/p>\n","protected":false},"author":4,"featured_media":463,"comment_status":"open","ping_status":"closed","sticky":false,"template":"","format":"standard","meta":[],"categories":[2],"tags":[],"yoast_head":"<!-- This site is optimized with the Yoast SEO plugin v20.13 - https:\/\/yoast.com\/wordpress\/plugins\/seo\/ -->\n<title>Gewinner des Wettbewerbs - Mallorca Ferien Fincas Blog - mallorcaferienfinca.com<\/title>\n<meta name=\"description\" content=\"Mallorca Ferien Fincas Blog - mallorcaferienfinca.com Gewinner des Wettbewerbs - MFF\" \/>\n<meta name=\"robots\" content=\"index, follow, max-snippet:-1, max-image-preview:large, max-video-preview:-1\" \/>\n<link rel=\"canonical\" href=\"https:\/\/www.mallorcaferienfinca.com\/blog\/gewinner-des-wettbewerbs\/\" \/>\n<meta property=\"og:locale\" content=\"de_DE\" \/>\n<meta property=\"og:type\" content=\"article\" \/>\n<meta property=\"og:title\" content=\"Gewinner des Wettbewerbs - Mallorca Ferien Fincas Blog - mallorcaferienfinca.com\" \/>\n<meta property=\"og:description\" content=\"Mallorca Ferien Fincas Blog - mallorcaferienfinca.com Gewinner des Wettbewerbs - MFF\" \/>\n<meta property=\"og:url\" content=\"https:\/\/www.mallorcaferienfinca.com\/blog\/gewinner-des-wettbewerbs\/\" \/>\n<meta property=\"og:site_name\" content=\"Mallorca Ferien Fincas Blog - mallorcaferienfinca.com\" \/>\n<meta property=\"article:published_time\" content=\"2015-01-29T15:28:02+00:00\" \/>\n<meta property=\"og:image\" content=\"https:\/\/www.mallorcaferienfinca.com\/blog\/wp-content\/uploads\/Stempel_Herzlichen_Glueckwunsch1_69324_900x900.jpg\" \/>\n\t<meta property=\"og:image:width\" content=\"900\" \/>\n\t<meta property=\"og:image:height\" content=\"900\" \/>\n\t<meta property=\"og:image:type\" content=\"image\/jpeg\" \/>\n<meta name=\"author\" content=\"admin\" \/>\n<meta name=\"twitter:card\" content=\"summary_large_image\" \/>\n<meta name=\"twitter:label1\" content=\"Verfasst von\" \/>\n\t<meta name=\"twitter:data1\" content=\"admin\" \/>\n<script type=\"application\/ld+json\" class=\"yoast-schema-graph\">{\"@context\":\"https:\/\/schema.org\",\"@graph\":[{\"@type\":\"WebPage\",\"@id\":\"https:\/\/www.mallorcaferienfinca.com\/blog\/gewinner-des-wettbewerbs\/\",\"url\":\"https:\/\/www.mallorcaferienfinca.com\/blog\/gewinner-des-wettbewerbs\/\",\"name\":\"Gewinner des Wettbewerbs - Mallorca Ferien Fincas Blog - mallorcaferienfinca.com\",\"isPartOf\":{\"@id\":\"https:\/\/www.mallorcaferienfinca.com\/blog\/#website\"},\"datePublished\":\"2015-01-29T15:28:02+00:00\",\"dateModified\":\"2015-01-29T15:28:02+00:00\",\"author\":{\"@id\":\"https:\/\/www.mallorcaferienfinca.com\/blog\/#\/schema\/person\/f65f9c30c1975757a203d00463c38bf6\"},\"description\":\"Mallorca Ferien Fincas Blog - mallorcaferienfinca.com Gewinner des Wettbewerbs - MFF\",\"breadcrumb\":{\"@id\":\"https:\/\/www.mallorcaferienfinca.com\/blog\/gewinner-des-wettbewerbs\/#breadcrumb\"},\"inLanguage\":\"de\",\"potentialAction\":[{\"@type\":\"ReadAction\",\"target\":[\"https:\/\/www.mallorcaferienfinca.com\/blog\/gewinner-des-wettbewerbs\/\"]}]},{\"@type\":\"BreadcrumbList\",\"@id\":\"https:\/\/www.mallorcaferienfinca.com\/blog\/gewinner-des-wettbewerbs\/#breadcrumb\",\"itemListElement\":[{\"@type\":\"ListItem\",\"position\":1,\"name\":\"Portada\",\"item\":\"https:\/\/www.mallorcaferienfinca.com\/blog\/\"},{\"@type\":\"ListItem\",\"position\":2,\"name\":\"Gewinner des Wettbewerbs\"}]},{\"@type\":\"WebSite\",\"@id\":\"https:\/\/www.mallorcaferienfinca.com\/blog\/#website\",\"url\":\"https:\/\/www.mallorcaferienfinca.com\/blog\/\",\"name\":\"Mallorca Ferien Fincas Blog - mallorcaferienfinca.com\",\"description\":\"Fincas auf Mallorca und mehr.\",\"potentialAction\":[{\"@type\":\"SearchAction\",\"target\":{\"@type\":\"EntryPoint\",\"urlTemplate\":\"https:\/\/www.mallorcaferienfinca.com\/blog\/?s={search_term_string}\"},\"query-input\":\"required name=search_term_string\"}],\"inLanguage\":\"de\"},{\"@type\":\"Person\",\"@id\":\"https:\/\/www.mallorcaferienfinca.com\/blog\/#\/schema\/person\/f65f9c30c1975757a203d00463c38bf6\",\"name\":\"admin\",\"image\":{\"@type\":\"ImageObject\",\"inLanguage\":\"de\",\"@id\":\"https:\/\/www.mallorcaferienfinca.com\/blog\/#\/schema\/person\/image\/\",\"url\":\"https:\/\/secure.gravatar.com\/avatar\/f75a3dbe26373b65ad24b16cb7a7ac7b?s=96&d=mm&r=g\",\"contentUrl\":\"https:\/\/secure.gravatar.com\/avatar\/f75a3dbe26373b65ad24b16cb7a7ac7b?s=96&d=mm&r=g\",\"caption\":\"admin\"},\"url\":\"https:\/\/www.mallorcaferienfinca.com\/blog\/author\/admin\/\"}]}<\/script>\n<!-- \/ Yoast SEO plugin. -->","yoast_head_json":{"title":"Gewinner des Wettbewerbs - Mallorca Ferien Fincas Blog - mallorcaferienfinca.com","description":"Mallorca Ferien Fincas Blog - mallorcaferienfinca.com Gewinner des Wettbewerbs - MFF","robots":{"index":"index","follow":"follow","max-snippet":"max-snippet:-1","max-image-preview":"max-image-preview:large","max-video-preview":"max-video-preview:-1"},"canonical":"https:\/\/www.mallorcaferienfinca.com\/blog\/gewinner-des-wettbewerbs\/","og_locale":"de_DE","og_type":"article","og_title":"Gewinner des Wettbewerbs - Mallorca Ferien Fincas Blog - mallorcaferienfinca.com","og_description":"Mallorca Ferien Fincas Blog - mallorcaferienfinca.com Gewinner des Wettbewerbs - MFF","og_url":"https:\/\/www.mallorcaferienfinca.com\/blog\/gewinner-des-wettbewerbs\/","og_site_name":"Mallorca Ferien Fincas Blog - mallorcaferienfinca.com","article_published_time":"2015-01-29T15:28:02+00:00","og_image":[{"width":900,"height":900,"url":"https:\/\/www.mallorcaferienfinca.com\/blog\/wp-content\/uploads\/Stempel_Herzlichen_Glueckwunsch1_69324_900x900.jpg","type":"image\/jpeg"}],"author":"admin","twitter_card":"summary_large_image","twitter_misc":{"Verfasst von":"admin"},"schema":{"@context":"https:\/\/schema.org","@graph":[{"@type":"WebPage","@id":"https:\/\/www.mallorcaferienfinca.com\/blog\/gewinner-des-wettbewerbs\/","url":"https:\/\/www.mallorcaferienfinca.com\/blog\/gewinner-des-wettbewerbs\/","name":"Gewinner des Wettbewerbs - Mallorca Ferien Fincas Blog - mallorcaferienfinca.com","isPartOf":{"@id":"https:\/\/www.mallorcaferienfinca.com\/blog\/#website"},"datePublished":"2015-01-29T15:28:02+00:00","dateModified":"2015-01-29T15:28:02+00:00","author":{"@id":"https:\/\/www.mallorcaferienfinca.com\/blog\/#\/schema\/person\/f65f9c30c1975757a203d00463c38bf6"},"description":"Mallorca Ferien Fincas Blog - mallorcaferienfinca.com Gewinner des Wettbewerbs - MFF","breadcrumb":{"@id":"https:\/\/www.mallorcaferienfinca.com\/blog\/gewinner-des-wettbewerbs\/#breadcrumb"},"inLanguage":"de","potentialAction":[{"@type":"ReadAction","target":["https:\/\/www.mallorcaferienfinca.com\/blog\/gewinner-des-wettbewerbs\/"]}]},{"@type":"BreadcrumbList","@id":"https:\/\/www.mallorcaferienfinca.com\/blog\/gewinner-des-wettbewerbs\/#breadcrumb","itemListElement":[{"@type":"ListItem","position":1,"name":"Portada","item":"https:\/\/www.mallorcaferienfinca.com\/blog\/"},{"@type":"ListItem","position":2,"name":"Gewinner des Wettbewerbs"}]},{"@type":"WebSite","@id":"https:\/\/www.mallorcaferienfinca.com\/blog\/#website","url":"https:\/\/www.mallorcaferienfinca.com\/blog\/","name":"Mallorca Ferien Fincas Blog - mallorcaferienfinca.com","description":"Fincas auf Mallorca und mehr.","potentialAction":[{"@type":"SearchAction","target":{"@type":"EntryPoint","urlTemplate":"https:\/\/www.mallorcaferienfinca.com\/blog\/?s={search_term_string}"},"query-input":"required name=search_term_string"}],"inLanguage":"de"},{"@type":"Person","@id":"https:\/\/www.mallorcaferienfinca.com\/blog\/#\/schema\/person\/f65f9c30c1975757a203d00463c38bf6","name":"admin","image":{"@type":"ImageObject","inLanguage":"de","@id":"https:\/\/www.mallorcaferienfinca.com\/blog\/#\/schema\/person\/image\/","url":"https:\/\/secure.gravatar.com\/avatar\/f75a3dbe26373b65ad24b16cb7a7ac7b?s=96&d=mm&r=g","contentUrl":"https:\/\/secure.gravatar.com\/avatar\/f75a3dbe26373b65ad24b16cb7a7ac7b?s=96&d=mm&r=g","caption":"admin"},"url":"https:\/\/www.mallorcaferienfinca.com\/blog\/author\/admin\/"}]}},"_links":{"self":[{"href":"https:\/\/www.mallorcaferienfinca.com\/blog\/wp-json\/wp\/v2\/posts\/462"}],"collection":[{"href":"https:\/\/www.mallorcaferienfinca.com\/blog\/wp-json\/wp\/v2\/posts"}],"about":[{"href":"https:\/\/www.mallorcaferienfinca.com\/blog\/wp-json\/wp\/v2\/types\/post"}],"author":[{"embeddable":true,"href":"https:\/\/www.mallorcaferienfinca.com\/blog\/wp-json\/wp\/v2\/users\/4"}],"replies":[{"embeddable":true,"href":"https:\/\/www.mallorcaferienfinca.com\/blog\/wp-json\/wp\/v2\/comments?post=462"}],"version-history":[{"count":2,"href":"https:\/\/www.mallorcaferienfinca.com\/blog\/wp-json\/wp\/v2\/posts\/462\/revisions"}],"predecessor-version":[{"id":465,"href":"https:\/\/www.mallorcaferienfinca.com\/blog\/wp-json\/wp\/v2\/posts\/462\/revisions\/465"}],"wp:featuredmedia":[{"embeddable":true,"href":"https:\/\/www.mallorcaferienfinca.com\/blog\/wp-json\/wp\/v2\/media\/463"}],"wp:attachment":[{"href":"https:\/\/www.mallorcaferienfinca.com\/blog\/wp-json\/wp\/v2\/media?parent=462"}],"wp:term":[{"taxonomy":"category","embeddable":true,"href":"https:\/\/www.mallorcaferienfinca.com\/blog\/wp-json\/wp\/v2\/categories?post=462"},{"taxonomy":"post_tag","embeddable":true,"href":"https:\/\/www.mallorcaferienfinca.com\/blog\/wp-json\/wp\/v2\/tags?post=462"}],"curies":[{"name":"wp","href":"https:\/\/api.w.org\/{rel}","templated":true}]}}