{"id":1057,"date":"2025-07-24T07:49:19","date_gmt":"2025-07-24T07:49:19","guid":{"rendered":"https:\/\/www.mallorcaferienfinca.com\/blog\/?p=1057"},"modified":"2025-07-24T07:49:19","modified_gmt":"2025-07-24T07:49:19","slug":"la-patrona-pollenca-2025","status":"publish","type":"post","link":"https:\/\/www.mallorcaferienfinca.com\/blog\/la-patrona-pollenca-2025\/","title":{"rendered":"La Patrona Pollen\u00e7a 2025"},"content":{"rendered":"<p data-start=\"120\" data-end=\"175\"><strong data-start=\"120\" data-end=\"175\">Entdecke die Magie des La Patrona-Fests in Pollen\u00e7a<\/strong><\/p>\n<p data-start=\"177\" data-end=\"624\">Jeden Sommer verwandelt sich das charmante St\u00e4dtchen Pollen\u00e7a auf Mallorca in ein buntes Meer aus Tradition, Geschichte und Feierlichkeit. Das La Patrona-Fest, eines der bekanntesten und beliebtesten Feste der Insel, findet j\u00e4hrlich Ende Juli statt und erreicht seinen H\u00f6hepunkt am 2. August. Dieses einzigartige Ereignis vereint tief verwurzelte Geschichte mit lebendiger lokaler Kultur \u2013 ein Erlebnis, das man nicht verpassen sollte.<\/p>\n<p data-start=\"177\" data-end=\"624\"><img decoding=\"async\" loading=\"lazy\" class=\"aligncenter size-medium wp-image-1058\" src=\"https:\/\/www.mallorcaferienfinca.com\/blog\/wp-content\/uploads\/car-included-POST-64-e1753343065152-300x241.png\" alt=\"\" width=\"300\" height=\"241\" srcset=\"https:\/\/www.mallorcaferienfinca.com\/blog\/wp-content\/uploads\/car-included-POST-64-e1753343065152-300x241.png 300w, https:\/\/www.mallorcaferienfinca.com\/blog\/wp-content\/uploads\/car-included-POST-64-e1753343065152-1024x821.png 1024w, https:\/\/www.mallorcaferienfinca.com\/blog\/wp-content\/uploads\/car-included-POST-64-e1753343065152-768x616.png 768w, https:\/\/www.mallorcaferienfinca.com\/blog\/wp-content\/uploads\/car-included-POST-64-e1753343065152-624x500.png 624w, https:\/\/www.mallorcaferienfinca.com\/blog\/wp-content\/uploads\/car-included-POST-64-e1753343065152.png 1080w\" sizes=\"(max-width: 300px) 100vw, 300px\" \/><\/p>\n<h3 data-start=\"626\" data-end=\"656\">Ein Fest voller Geschichte<\/h3>\n<p data-start=\"658\" data-end=\"1326\">La Patrona erinnert an die legend\u00e4re Schlacht zwischen den christlichen Dorfbewohnern und den einfallenden osmanischen Piraten unter der F\u00fchrung von Dragut im 16. Jahrhundert. Der \u00dcberlieferung nach spielten die Frauen Pollen\u00e7as eine entscheidende Rolle bei der Verteidigung des Dorfes \u2013 eine heldenhafte Geschichte, die bis heute das Herzst\u00fcck des Festes bildet. Der H\u00f6hepunkt ist das sogenannte \u201eSimulacro\u201c, eine spektakul\u00e4re Nachstellung der historischen Schlacht, bei der am Abend des 2. Augusts verkleidete Bewohner als Mauren und Christen durch die Stra\u00dfen ziehen und das Gefecht nachspielen \u2013 ein stolzer und emotionaler Moment f\u00fcr die gesamte Gemeinde.<\/p>\n<h3 data-start=\"1328\" data-end=\"1376\">Traditionen, die Pollen\u00e7a zum Leben erwecken<\/h3>\n<p data-start=\"1378\" data-end=\"1795\">Die Woche vor dem Simulacro ist gef\u00fcllt mit kulturellen und religi\u00f6sen Veranstaltungen, Konzerten, Umz\u00fcgen, Kinderprogrammen, traditionellen T\u00e4nzen und M\u00e4rkten unter freiem Himmel. Die Stra\u00dfen sind mit Flaggen beider Lager \u2013 Mauren und Christen \u2013 geschm\u00fcckt, was jedem Winkel der Stadt eine besondere Symbolik verleiht. Lokale Bars und Restaurants sind voller Leben und die festliche Stimmung ist \u00fcberall sp\u00fcrbar.<\/p>\n<p data-start=\"1797\" data-end=\"2010\">Auch religi\u00f6se Elemente haben ihren festen Platz: Die Mare de D\u00e9u dels \u00c0ngels, die Schutzpatronin von Pollen\u00e7a, wird mit Messen und Prozessionen geehrt und verleiht dem Fest eine tiefere spirituelle Bedeutung.<\/p>\n<h3 data-start=\"2012\" data-end=\"2050\">Ein unvergessliches Sommererlebnis<\/h3>\n<p data-start=\"2052\" data-end=\"2348\">Egal ob du dich f\u00fcr Geschichte interessierst, mediterrane Kultur liebst oder einfach auf der Suche nach einem besonderen Urlaubserlebnis bist \u2013 La Patrona hat f\u00fcr jeden etwas zu bieten. Es ist eine Zeit, in der sich Einheimische und Besucher gemeinsam an Identit\u00e4t, Tradition und Freude erfreuen.<\/p>\n<p data-start=\"2350\" data-end=\"2571\">Wenn du w\u00e4hrend des Festes in Pollen\u00e7a bist, wirf unbedingt einen Blick auf das <a href=\"https:\/\/www.mallorcaferienfinca.com\/blog\/wp-content\/uploads\/Patrona-2025.pdf\">offizielle Programm dieses Jahres<\/a> \u2013 von Livemusik \u00fcber Feuerwerke bis hin zu Dorffesten gibt es w\u00e4hrend der ganzen Woche viel zu erleben.<\/p>\n<p data-start=\"2350\" data-end=\"2571\"><img decoding=\"async\" loading=\"lazy\" class=\"\" src=\"https:\/\/encrypted-tbn0.gstatic.com\/images?q=tbn:ANd9GcQcJuon7UTRVaapyTOI84QrZatCVa_BEb7J8w&amp;s\" alt=\"La patrona i festes de Pollen\u00e7a en video\" width=\"293\" height=\"366\" \/><\/p>\n<h3 data-start=\"2573\" data-end=\"2607\">\u00dcbernachte mitten im Geschehen<\/h3>\n<p data-start=\"2609\" data-end=\"2977\">Um die festliche Atmosph\u00e4re in vollen Z\u00fcgen zu genie\u00dfen, gibt es keinen besseren Ort als eine unserer sorgf\u00e4ltig ausgew\u00e4hlten <a href=\"https:\/\/www.mallorcaferienfinca.com\/fincas-mallorca-ergebnisse\"><strong data-start=\"2735\" data-end=\"2757\">Fincas in Pollen\u00e7a<\/strong><\/a>. Ob mit Familie oder Freunden \u2013 unsere Fincas bieten dir die perfekte Kombination aus Komfort, Privatsph\u00e4re und mallorquinischem Charme, nur wenige Schritte oder Fahrminuten von allen wichtigen Veranstaltungen entfernt.<\/p>\n<p data-start=\"2979\" data-end=\"3214\">Verpasse nicht die Gelegenheit, eine der beliebtesten Traditionen Mallorcas hautnah zu erleben \u2013 mit dem Komfort eines echten Zuhauses. Entdecke jetzt unsere verf\u00fcgbaren Fincas und mache deinen Sommer in Pollen\u00e7a unvergesslich.<\/p>\n<p data-start=\"2979\" data-end=\"3214\"><a href=\"https:\/\/www.mallorcaferienfinca.com\/\">MallorcaFerienFinca<\/a><\/p>\n<!-- AddThis Advanced Settings generic via filter on the_content --><!-- AddThis Share Buttons generic via filter on the_content -->","protected":false},"excerpt":{"rendered":"<p>Entdecke die Magie des La Patrona-Fests in Pollen\u00e7a Jeden Sommer verwandelt sich das charmante St\u00e4dtchen Pollen\u00e7a auf Mallorca in ein buntes Meer aus Tradition, Geschichte und Feierlichkeit. Das La Patrona-Fest, eines der bekanntesten und beliebtesten Feste der Insel, findet j\u00e4hrlich Ende Juli statt und erreicht seinen H\u00f6hepunkt am 2. August. Dieses einzigartige Ereignis vereint tief [&hellip;]<!-- AddThis Advanced Settings generic via filter on get_the_excerpt --><!-- AddThis Share Buttons generic via filter on get_the_excerpt --><\/p>\n","protected":false},"author":3,"featured_media":1060,"comment_status":"open","ping_status":"closed","sticky":false,"template":"","format":"standard","meta":[],"categories":[14,15],"tags":[32,76,74,35,75],"yoast_head":"<!-- This site is optimized with the Yoast SEO plugin v20.13 - https:\/\/yoast.com\/wordpress\/plugins\/seo\/ -->\n<title>La Patrona Pollen\u00e7a 2025 - Mallorca Ferien Fincas Blog - mallorcaferienfinca.com<\/title>\n<meta name=\"description\" content=\"Mallorca Ferien Fincas Blog - mallorcaferienfinca.com La Patrona Pollen\u00e7a 2025 - MFF\" \/>\n<meta name=\"robots\" content=\"index, follow, max-snippet:-1, max-image-preview:large, max-video-preview:-1\" \/>\n<link rel=\"canonical\" href=\"https:\/\/www.mallorcaferienfinca.com\/blog\/la-patrona-pollenca-2025\/\" \/>\n<meta property=\"og:locale\" content=\"de_DE\" \/>\n<meta property=\"og:type\" content=\"article\" \/>\n<meta property=\"og:title\" content=\"La Patrona Pollen\u00e7a 2025 - Mallorca Ferien Fincas Blog - mallorcaferienfinca.com\" \/>\n<meta property=\"og:description\" content=\"Mallorca Ferien Fincas Blog - mallorcaferienfinca.com La Patrona Pollen\u00e7a 2025 - MFF\" \/>\n<meta property=\"og:url\" content=\"https:\/\/www.mallorcaferienfinca.com\/blog\/la-patrona-pollenca-2025\/\" \/>\n<meta property=\"og:site_name\" content=\"Mallorca Ferien Fincas Blog - mallorcaferienfinca.com\" \/>\n<meta property=\"article:published_time\" content=\"2025-07-24T07:49:19+00:00\" \/>\n<meta property=\"og:image\" content=\"https:\/\/www.mallorcaferienfinca.com\/blog\/wp-content\/uploads\/moros-cristianos-pollenca-alza-armas.jpg\" \/>\n\t<meta property=\"og:image:width\" content=\"685\" \/>\n\t<meta property=\"og:image:height\" content=\"522\" \/>\n\t<meta property=\"og:image:type\" content=\"image\/jpeg\" \/>\n<meta name=\"author\" content=\"Juana M\u00aa\" \/>\n<meta name=\"twitter:card\" content=\"summary_large_image\" \/>\n<meta name=\"twitter:label1\" content=\"Verfasst von\" \/>\n\t<meta name=\"twitter:data1\" content=\"Juana M\u00aa\" \/>\n\t<meta name=\"twitter:label2\" content=\"Gesch\u00e4tzte Lesezeit\" \/>\n\t<meta name=\"twitter:data2\" content=\"3\u00a0Minuten\" \/>\n<script type=\"application\/ld+json\" class=\"yoast-schema-graph\">{\"@context\":\"https:\/\/schema.org\",\"@graph\":[{\"@type\":\"WebPage\",\"@id\":\"https:\/\/www.mallorcaferienfinca.com\/blog\/la-patrona-pollenca-2025\/\",\"url\":\"https:\/\/www.mallorcaferienfinca.com\/blog\/la-patrona-pollenca-2025\/\",\"name\":\"La Patrona Pollen\u00e7a 2025 - Mallorca Ferien Fincas Blog - mallorcaferienfinca.com\",\"isPartOf\":{\"@id\":\"https:\/\/www.mallorcaferienfinca.com\/blog\/#website\"},\"datePublished\":\"2025-07-24T07:49:19+00:00\",\"dateModified\":\"2025-07-24T07:49:19+00:00\",\"author\":{\"@id\":\"https:\/\/www.mallorcaferienfinca.com\/blog\/#\/schema\/person\/1ec8fa1d25ac183581b32ace37045a56\"},\"description\":\"Mallorca Ferien Fincas Blog - mallorcaferienfinca.com La Patrona Pollen\u00e7a 2025 - MFF\",\"breadcrumb\":{\"@id\":\"https:\/\/www.mallorcaferienfinca.com\/blog\/la-patrona-pollenca-2025\/#breadcrumb\"},\"inLanguage\":\"de\",\"potentialAction\":[{\"@type\":\"ReadAction\",\"target\":[\"https:\/\/www.mallorcaferienfinca.com\/blog\/la-patrona-pollenca-2025\/\"]}]},{\"@type\":\"BreadcrumbList\",\"@id\":\"https:\/\/www.mallorcaferienfinca.com\/blog\/la-patrona-pollenca-2025\/#breadcrumb\",\"itemListElement\":[{\"@type\":\"ListItem\",\"position\":1,\"name\":\"Portada\",\"item\":\"https:\/\/www.mallorcaferienfinca.com\/blog\/\"},{\"@type\":\"ListItem\",\"position\":2,\"name\":\"La Patrona Pollen\u00e7a 2025\"}]},{\"@type\":\"WebSite\",\"@id\":\"https:\/\/www.mallorcaferienfinca.com\/blog\/#website\",\"url\":\"https:\/\/www.mallorcaferienfinca.com\/blog\/\",\"name\":\"Mallorca Ferien Fincas Blog - mallorcaferienfinca.com\",\"description\":\"Fincas auf Mallorca und mehr.\",\"potentialAction\":[{\"@type\":\"SearchAction\",\"target\":{\"@type\":\"EntryPoint\",\"urlTemplate\":\"https:\/\/www.mallorcaferienfinca.com\/blog\/?s={search_term_string}\"},\"query-input\":\"required name=search_term_string\"}],\"inLanguage\":\"de\"},{\"@type\":\"Person\",\"@id\":\"https:\/\/www.mallorcaferienfinca.com\/blog\/#\/schema\/person\/1ec8fa1d25ac183581b32ace37045a56\",\"name\":\"Juana M\u00aa\",\"image\":{\"@type\":\"ImageObject\",\"inLanguage\":\"de\",\"@id\":\"https:\/\/www.mallorcaferienfinca.com\/blog\/#\/schema\/person\/image\/\",\"url\":\"https:\/\/secure.gravatar.com\/avatar\/7adffe6a76505fb5d8a2ac7971f667ba?s=96&d=mm&r=g\",\"contentUrl\":\"https:\/\/secure.gravatar.com\/avatar\/7adffe6a76505fb5d8a2ac7971f667ba?s=96&d=mm&r=g\",\"caption\":\"Juana M\u00aa\"},\"url\":\"https:\/\/www.mallorcaferienfinca.com\/blog\/author\/jmaria\/\"}]}<\/script>\n<!-- \/ Yoast SEO plugin. -->","yoast_head_json":{"title":"La Patrona Pollen\u00e7a 2025 - Mallorca Ferien Fincas Blog - mallorcaferienfinca.com","description":"Mallorca Ferien Fincas Blog - mallorcaferienfinca.com La Patrona Pollen\u00e7a 2025 - MFF","robots":{"index":"index","follow":"follow","max-snippet":"max-snippet:-1","max-image-preview":"max-image-preview:large","max-video-preview":"max-video-preview:-1"},"canonical":"https:\/\/www.mallorcaferienfinca.com\/blog\/la-patrona-pollenca-2025\/","og_locale":"de_DE","og_type":"article","og_title":"La Patrona Pollen\u00e7a 2025 - Mallorca Ferien Fincas Blog - mallorcaferienfinca.com","og_description":"Mallorca Ferien Fincas Blog - mallorcaferienfinca.com La Patrona Pollen\u00e7a 2025 - MFF","og_url":"https:\/\/www.mallorcaferienfinca.com\/blog\/la-patrona-pollenca-2025\/","og_site_name":"Mallorca Ferien Fincas Blog - mallorcaferienfinca.com","article_published_time":"2025-07-24T07:49:19+00:00","og_image":[{"width":685,"height":522,"url":"https:\/\/www.mallorcaferienfinca.com\/blog\/wp-content\/uploads\/moros-cristianos-pollenca-alza-armas.jpg","type":"image\/jpeg"}],"author":"Juana M\u00aa","twitter_card":"summary_large_image","twitter_misc":{"Verfasst von":"Juana M\u00aa","Gesch\u00e4tzte Lesezeit":"3\u00a0Minuten"},"schema":{"@context":"https:\/\/schema.org","@graph":[{"@type":"WebPage","@id":"https:\/\/www.mallorcaferienfinca.com\/blog\/la-patrona-pollenca-2025\/","url":"https:\/\/www.mallorcaferienfinca.com\/blog\/la-patrona-pollenca-2025\/","name":"La Patrona Pollen\u00e7a 2025 - Mallorca Ferien Fincas Blog - mallorcaferienfinca.com","isPartOf":{"@id":"https:\/\/www.mallorcaferienfinca.com\/blog\/#website"},"datePublished":"2025-07-24T07:49:19+00:00","dateModified":"2025-07-24T07:49:19+00:00","author":{"@id":"https:\/\/www.mallorcaferienfinca.com\/blog\/#\/schema\/person\/1ec8fa1d25ac183581b32ace37045a56"},"description":"Mallorca Ferien Fincas Blog - mallorcaferienfinca.com La Patrona Pollen\u00e7a 2025 - MFF","breadcrumb":{"@id":"https:\/\/www.mallorcaferienfinca.com\/blog\/la-patrona-pollenca-2025\/#breadcrumb"},"inLanguage":"de","potentialAction":[{"@type":"ReadAction","target":["https:\/\/www.mallorcaferienfinca.com\/blog\/la-patrona-pollenca-2025\/"]}]},{"@type":"BreadcrumbList","@id":"https:\/\/www.mallorcaferienfinca.com\/blog\/la-patrona-pollenca-2025\/#breadcrumb","itemListElement":[{"@type":"ListItem","position":1,"name":"Portada","item":"https:\/\/www.mallorcaferienfinca.com\/blog\/"},{"@type":"ListItem","position":2,"name":"La Patrona Pollen\u00e7a 2025"}]},{"@type":"WebSite","@id":"https:\/\/www.mallorcaferienfinca.com\/blog\/#website","url":"https:\/\/www.mallorcaferienfinca.com\/blog\/","name":"Mallorca Ferien Fincas Blog - mallorcaferienfinca.com","description":"Fincas auf Mallorca und mehr.","potentialAction":[{"@type":"SearchAction","target":{"@type":"EntryPoint","urlTemplate":"https:\/\/www.mallorcaferienfinca.com\/blog\/?s={search_term_string}"},"query-input":"required name=search_term_string"}],"inLanguage":"de"},{"@type":"Person","@id":"https:\/\/www.mallorcaferienfinca.com\/blog\/#\/schema\/person\/1ec8fa1d25ac183581b32ace37045a56","name":"Juana M\u00aa","image":{"@type":"ImageObject","inLanguage":"de","@id":"https:\/\/www.mallorcaferienfinca.com\/blog\/#\/schema\/person\/image\/","url":"https:\/\/secure.gravatar.com\/avatar\/7adffe6a76505fb5d8a2ac7971f667ba?s=96&d=mm&r=g","contentUrl":"https:\/\/secure.gravatar.com\/avatar\/7adffe6a76505fb5d8a2ac7971f667ba?s=96&d=mm&r=g","caption":"Juana M\u00aa"},"url":"https:\/\/www.mallorcaferienfinca.com\/blog\/author\/jmaria\/"}]}},"_links":{"self":[{"href":"https:\/\/www.mallorcaferienfinca.com\/blog\/wp-json\/wp\/v2\/posts\/1057"}],"collection":[{"href":"https:\/\/www.mallorcaferienfinca.com\/blog\/wp-json\/wp\/v2\/posts"}],"about":[{"href":"https:\/\/www.mallorcaferienfinca.com\/blog\/wp-json\/wp\/v2\/types\/post"}],"author":[{"embeddable":true,"href":"https:\/\/www.mallorcaferienfinca.com\/blog\/wp-json\/wp\/v2\/users\/3"}],"replies":[{"embeddable":true,"href":"https:\/\/www.mallorcaferienfinca.com\/blog\/wp-json\/wp\/v2\/comments?post=1057"}],"version-history":[{"count":1,"href":"https:\/\/www.mallorcaferienfinca.com\/blog\/wp-json\/wp\/v2\/posts\/1057\/revisions"}],"predecessor-version":[{"id":1061,"href":"https:\/\/www.mallorcaferienfinca.com\/blog\/wp-json\/wp\/v2\/posts\/1057\/revisions\/1061"}],"wp:featuredmedia":[{"embeddable":true,"href":"https:\/\/www.mallorcaferienfinca.com\/blog\/wp-json\/wp\/v2\/media\/1060"}],"wp:attachment":[{"href":"https:\/\/www.mallorcaferienfinca.com\/blog\/wp-json\/wp\/v2\/media?parent=1057"}],"wp:term":[{"taxonomy":"category","embeddable":true,"href":"https:\/\/www.mallorcaferienfinca.com\/blog\/wp-json\/wp\/v2\/categories?post=1057"},{"taxonomy":"post_tag","embeddable":true,"href":"https:\/\/www.mallorcaferienfinca.com\/blog\/wp-json\/wp\/v2\/tags?post=1057"}],"curies":[{"name":"wp","href":"https:\/\/api.w.org\/{rel}","templated":true}]}}